{"id":225,"date":"2026-03-03T00:00:48","date_gmt":"2026-03-03T00:00:48","guid":{"rendered":"https:\/\/aegnunes.pt\/?p=225"},"modified":"2026-03-03T09:38:13","modified_gmt":"2026-03-03T09:38:13","slug":"visita-de-estudo-vigo","status":"publish","type":"post","link":"https:\/\/aegnunes.pt\/?p=225","title":{"rendered":"&#8220;Visita de Estudo &#8211; Vigo&#8221;"},"content":{"rendered":"\t\t<div data-elementor-type=\"wp-post\" data-elementor-id=\"225\" class=\"elementor elementor-225\" data-elementor-post-type=\"post\">\n\t\t\t\t<div class=\"elementor-element elementor-element-1c1c8387 e-flex e-con-boxed e-con e-parent\" data-id=\"1c1c8387\" data-element_type=\"container\">\n\t\t\t\t\t<div class=\"e-con-inner\">\n\t\t\t\t<div class=\"elementor-element elementor-element-4564a10 elementor-widget elementor-widget-spacer\" data-id=\"4564a10\" data-element_type=\"widget\" data-widget_type=\"spacer.default\">\n\t\t\t\t\t\t\t<div class=\"elementor-spacer\">\n\t\t\t<div class=\"elementor-spacer-inner\"><\/div>\n\t\t<\/div>\n\t\t\t\t\t\t<\/div>\n\t\t\t\t<div class=\"elementor-element elementor-element-3eab62d4 elementor-widget elementor-widget-text-editor\" data-id=\"3eab62d4\" data-element_type=\"widget\" data-widget_type=\"text-editor.default\">\n\t\t\t\t\t\t\t\t\t\n<div class=\"gmail_default\"><span style=\"color: #000000;\">No dia\u00a012 de fevereiro de 2026, realizou-se uma visita de estudo a\u00a0Vigo\u00a0e\u00a0Baiona, com a participa\u00e7\u00e3o das turmas\u00a07.\u00ba A, 8.\u00ba A e 9.\u00ba A\u00a0(Espanhol). Integraram tamb\u00e9m esta atividade as turmas\u00a09.\u00ba B e 9.\u00ba C, que, sendo turmas finalistas, se associaram \u00e0 iniciativa.<\/span><\/div>\n<p><span style=\"color: #000000;\">A visita iniciou-se no centro hist\u00f3rico de Vigo, onde os alunos tiveram oportunidade de conhecer algumas das ruas mais emblem\u00e1ticas da cidade e contactar com a realidade cultural galega. Seguiu-se a visita ao\u00a0Museo de Arte Contempor\u00e1nea de Vigo, onde os alunos observaram, com interesse e aten\u00e7\u00e3o, a exposi\u00e7\u00e3o do artista\u00a0Roberto Huarcaya. A visita incluiu ainda uma atividade final de car\u00e1cter l\u00fadico-pedag\u00f3gico, que permitiu consolidar aprendizagens de forma din\u00e2mica.<\/span><\/p>\n<p><span style=\"color: #000000;\">Apesar de o tempo se apresentar inst\u00e1vel, manteve-se sem chuva,\u00a0o que possibilitou a realiza\u00e7\u00e3o do almo\u00e7o-piquenique na\u00a0Praia de Samil, promovendo momentos de conv\u00edvio entre alunos e professores.<\/span><\/p>\n<p><span style=\"color: #000000;\">Durante a tarde, o grupo deslocou-se a Baiona, onde foi poss\u00edvel apreciar a muralha da cidade e realizar uma caminhada em torno da mesma, valorizando o patrim\u00f3nio hist\u00f3rico e a paisagem envolvente.<\/span><\/p>\n<p><span style=\"color: #000000;\">Esta visita de estudo constituiu uma experi\u00eancia enriquecedora, aliando aprendizagem, cultura e conv\u00edvio, contribuindo para o desenvolvimento acad\u00e9mico e pessoal dos alunos.<span class=\"gmail_default\">\u00a0<\/span><\/span><\/p>\n<p><br \/><br \/><\/p>\n\n<figure class=\"wp-block-gallery has-nested-images columns-default is-cropped wp-block-gallery-2 is-layout-flex wp-block-gallery-is-layout-flex\"><\/figure>\n\t\t\t\t\t\t\t\t<\/div>\n\t\t\t\t\t<\/div>\n\t\t\t\t<\/div>\n\t\t<div class=\"elementor-element elementor-element-8a555fd e-flex e-con-boxed e-con e-parent\" data-id=\"8a555fd\" data-element_type=\"container\" data-settings=\"{&quot;shape_divider_bottom&quot;:&quot;waves&quot;}\">\n\t\t\t\t\t<div class=\"e-con-inner\">\n\t\t\t\t<div class=\"elementor-shape elementor-shape-bottom\" aria-hidden=\"true\" data-negative=\"false\">\n\t\t\t<svg xmlns=\"http:\/\/www.w3.org\/2000\/svg\" viewBox=\"0 0 1000 100\" preserveAspectRatio=\"none\">\n\t<path class=\"elementor-shape-fill\" d=\"M421.9,6.5c22.6-2.5,51.5,0.4,75.5,5.3c23.6,4.9,70.9,23.5,100.5,35.7c75.8,32.2,133.7,44.5,192.6,49.7\n\tc23.6,2.1,48.7,3.5,103.4-2.5c54.7-6,106.2-25.6,106.2-25.6V0H0v30.3c0,0,72,32.6,158.4,30.5c39.2-0.7,92.8-6.7,134-22.4\n\tc21.2-8.1,52.2-18.2,79.7-24.2C399.3,7.9,411.6,7.5,421.9,6.5z\"\/>\n<\/svg>\t\t<\/div>\n\t\t\t\t<div class=\"elementor-element elementor-element-cca7a52 elementor-skin-carousel elementor-arrows-yes elementor-pagination-type-bullets elementor-pagination-position-outside elementor-widget elementor-widget-media-carousel\" data-id=\"cca7a52\" data-element_type=\"widget\" data-settings=\"{&quot;skin&quot;:&quot;carousel&quot;,&quot;effect&quot;:&quot;slide&quot;,&quot;show_arrows&quot;:&quot;yes&quot;,&quot;pagination&quot;:&quot;bullets&quot;,&quot;speed&quot;:500,&quot;autoplay&quot;:&quot;yes&quot;,&quot;autoplay_speed&quot;:5000,&quot;loop&quot;:&quot;yes&quot;,&quot;pause_on_hover&quot;:&quot;yes&quot;,&quot;pause_on_interaction&quot;:&quot;yes&quot;,&quot;space_between&quot;:{&quot;unit&quot;:&quot;px&quot;,&quot;size&quot;:10,&quot;sizes&quot;:[]},&quot;space_between_tablet&quot;:{&quot;unit&quot;:&quot;px&quot;,&quot;size&quot;:10,&quot;sizes&quot;:[]},&quot;space_between_mobile&quot;:{&quot;unit&quot;:&quot;px&quot;,&quot;size&quot;:10,&quot;sizes&quot;:[]}}\" data-widget_type=\"media-carousel.default\">\n\t\t\t\t\t\t\t\t\t\t<div class=\"elementor-main-swiper swiper\" role=\"region\" aria-roledescription=\"carousel\" aria-label=\"Slides\">\n\t\t\t\t<div class=\"swiper-wrapper\">\n\t\t\t\t\t\t\t\t\t\t\t<div class=\"swiper-slide\" role=\"group\" aria-roledescription=\"slide\">\n\t\t\t\t\t\t\t\t\t<div class=\"elementor-carousel-image\" role=\"img\" aria-label=\"Visita de estudo - Vigo\" style=\"background-image: url(&#039;https:\/\/aegnunes.pt\/wp-content\/uploads\/2026\/02\/WhatsApp-Image-2026-02-12-at-13.50.35.jpeg&#039;)\">\n\n\t\t\t\n\t\t\t\t\t<\/div>\n\t\t\t\t\t\t\t\t<\/div>\n\t\t\t\t\t\t\t\t\t\t\t<div class=\"swiper-slide\" role=\"group\" aria-roledescription=\"slide\">\n\t\t\t\t\t\t\t\t\t<div class=\"elementor-carousel-image\" role=\"img\" aria-label=\"Exposic\u0327a\u0303o de arte de Roberto Huarcaya\" style=\"background-image: url(&#039;https:\/\/aegnunes.pt\/wp-content\/uploads\/2026\/02\/Exposicao-de-arte-de-Roberto-Huarcaya.png&#039;)\">\n\n\t\t\t\n\t\t\t\t\t<\/div>\n\t\t\t\t\t\t\t\t<\/div>\n\t\t\t\t\t\t\t\t\t\t\t<div class=\"swiper-slide\" role=\"group\" aria-roledescription=\"slide\">\n\t\t\t\t\t\t\t\t\t<div class=\"elementor-carousel-image\" role=\"img\" aria-label=\"Exposic\u0327o\u0303es de arte contempora\u0302nea variadas\" style=\"background-image: url(&#039;https:\/\/aegnunes.pt\/wp-content\/uploads\/2026\/02\/Exposicoes-de-arte-contemporanea-variadas.png&#039;)\">\n\n\t\t\t\n\t\t\t\t\t<\/div>\n\t\t\t\t\t\t\t\t<\/div>\n\t\t\t\t\t\t\t\t\t\t\t<div class=\"swiper-slide\" role=\"group\" aria-roledescription=\"slide\">\n\t\t\t\t\t\t\t\t\t<div class=\"elementor-carousel-image\" role=\"img\" aria-label=\"IMG_4876\" style=\"background-image: url(&#039;https:\/\/aegnunes.pt\/wp-content\/uploads\/2026\/02\/IMG_4876-scaled.jpg&#039;)\">\n\n\t\t\t\n\t\t\t\t\t<\/div>\n\t\t\t\t\t\t\t\t<\/div>\n\t\t\t\t\t\t\t\t\t\t\t<div class=\"swiper-slide\" role=\"group\" aria-roledescription=\"slide\">\n\t\t\t\t\t\t\t\t\t<div class=\"elementor-carousel-image\" role=\"img\" aria-label=\"IMG_4880\" style=\"background-image: url(&#039;https:\/\/aegnunes.pt\/wp-content\/uploads\/2026\/02\/IMG_4880-scaled.jpg&#039;)\">\n\n\t\t\t\n\t\t\t\t\t<\/div>\n\t\t\t\t\t\t\t\t<\/div>\n\t\t\t\t\t\t\t\t\t\t\t<div class=\"swiper-slide\" role=\"group\" aria-roledescription=\"slide\">\n\t\t\t\t\t\t\t\t\t<div class=\"elementor-carousel-image\" role=\"img\" aria-label=\"IMG_4882\" style=\"background-image: url(&#039;https:\/\/aegnunes.pt\/wp-content\/uploads\/2026\/02\/IMG_4882-scaled.jpg&#039;)\">\n\n\t\t\t\n\t\t\t\t\t<\/div>\n\t\t\t\t\t\t\t\t<\/div>\n\t\t\t\t\t\t\t\t\t\t\t<div class=\"swiper-slide\" role=\"group\" aria-roledescription=\"slide\">\n\t\t\t\t\t\t\t\t\t<div class=\"elementor-carousel-image\" role=\"img\" aria-label=\"IMG_4883\" style=\"background-image: url(&#039;https:\/\/aegnunes.pt\/wp-content\/uploads\/2026\/02\/IMG_4883-scaled.jpg&#039;)\">\n\n\t\t\t\n\t\t\t\t\t<\/div>\n\t\t\t\t\t\t\t\t<\/div>\n\t\t\t\t\t\t\t\t\t\t\t<div class=\"swiper-slide\" role=\"group\" aria-roledescription=\"slide\">\n\t\t\t\t\t\t\t\t\t<div class=\"elementor-carousel-image\" role=\"img\" aria-label=\"IMG_4884\" style=\"background-image: url(&#039;https:\/\/aegnunes.pt\/wp-content\/uploads\/2026\/02\/IMG_4884-scaled.jpg&#039;)\">\n\n\t\t\t\n\t\t\t\t\t<\/div>\n\t\t\t\t\t\t\t\t<\/div>\n\t\t\t\t\t\t\t\t\t\t\t<div class=\"swiper-slide\" role=\"group\" aria-roledescription=\"slide\">\n\t\t\t\t\t\t\t\t\t<div class=\"elementor-carousel-image\" role=\"img\" aria-label=\"IMG_4885\" style=\"background-image: url(&#039;https:\/\/aegnunes.pt\/wp-content\/uploads\/2026\/02\/IMG_4885-scaled.jpg&#039;)\">\n\n\t\t\t\n\t\t\t\t\t<\/div>\n\t\t\t\t\t\t\t\t<\/div>\n\t\t\t\t\t\t\t\t\t<\/div>\n\t\t\t\t\t\t\t\t\t\t\t\t\t\t\t<div class=\"elementor-swiper-button elementor-swiper-button-prev\" role=\"button\" tabindex=\"0\" aria-label=\"Previous\">\n\t\t\t\t\t\t\t<svg aria-hidden=\"true\" class=\"e-font-icon-svg e-eicon-chevron-left\" viewBox=\"0 0 1000 1000\" xmlns=\"http:\/\/www.w3.org\/2000\/svg\"><path d=\"M646 125C629 125 613 133 604 142L308 442C296 454 292 471 292 487 292 504 296 521 308 533L604 854C617 867 629 875 646 875 663 875 679 871 692 858 704 846 713 829 713 812 713 796 708 779 692 767L438 487 692 225C700 217 708 204 708 187 708 171 704 154 692 142 675 129 663 125 646 125Z\"><\/path><\/svg>\t\t\t\t\t\t<\/div>\n\t\t\t\t\t\t<div class=\"elementor-swiper-button elementor-swiper-button-next\" role=\"button\" tabindex=\"0\" aria-label=\"Next\">\n\t\t\t\t\t\t\t<svg aria-hidden=\"true\" class=\"e-font-icon-svg e-eicon-chevron-right\" viewBox=\"0 0 1000 1000\" xmlns=\"http:\/\/www.w3.org\/2000\/svg\"><path d=\"M696 533C708 521 713 504 713 487 713 471 708 454 696 446L400 146C388 133 375 125 354 125 338 125 325 129 313 142 300 154 292 171 292 187 292 204 296 221 308 233L563 492 304 771C292 783 288 800 288 817 288 833 296 850 308 863 321 871 338 875 354 875 371 875 388 867 400 854L696 533Z\"><\/path><\/svg>\t\t\t\t\t\t<\/div>\n\t\t\t\t\t\t\t\t\t\t\t\t\t\t\t\t<div class=\"swiper-pagination\"><\/div>\n\t\t\t\t\t\t\t\t\t\t\t\t<\/div>\n\t\t\t\t\t\t\t\t<\/div>\n\t\t\t\t<div class=\"elementor-element elementor-element-b3f60be elementor-widget elementor-widget-spacer\" data-id=\"b3f60be\" data-element_type=\"widget\" data-widget_type=\"spacer.default\">\n\t\t\t\t\t\t\t<div class=\"elementor-spacer\">\n\t\t\t<div class=\"elementor-spacer-inner\"><\/div>\n\t\t<\/div>\n\t\t\t\t\t\t<\/div>\n\t\t\t\t\t<\/div>\n\t\t\t\t<\/div>\n\t\t\t\t<\/div>\n\t\t","protected":false},"excerpt":{"rendered":"<p>No dia\u00a012 de fevereiro de 2026, realizou-se uma visita de estudo a\u00a0Vigo\u00a0e\u00a0Baiona, com a participa\u00e7\u00e3o das turmas\u00a07.\u00ba A, 8.\u00ba A e 9.\u00ba A\u00a0(Espanhol). Integraram tamb\u00e9m esta atividade as turmas\u00a09.\u00ba B e 9.\u00ba C, que, sendo turmas finalistas, se associaram \u00e0 iniciativa. A visita iniciou-se no centro hist\u00f3rico de Vigo, onde os alunos tiveram oportunidade de [&hellip;]<\/p>\n","protected":false},"author":1,"featured_media":2239,"comment_status":"open","ping_status":"open","sticky":false,"template":"elementor_theme","format":"standard","meta":{"footnotes":""},"categories":[1],"tags":[],"class_list":["post-225","post","type-post","status-publish","format-standard","has-post-thumbnail","hentry","category-uncategorized"],"_links":{"self":[{"href":"https:\/\/aegnunes.pt\/index.php?rest_route=\/wp\/v2\/posts\/225","targetHints":{"allow":["GET"]}}],"collection":[{"href":"https:\/\/aegnunes.pt\/index.php?rest_route=\/wp\/v2\/posts"}],"about":[{"href":"https:\/\/aegnunes.pt\/index.php?rest_route=\/wp\/v2\/types\/post"}],"author":[{"embeddable":true,"href":"https:\/\/aegnunes.pt\/index.php?rest_route=\/wp\/v2\/users\/1"}],"replies":[{"embeddable":true,"href":"https:\/\/aegnunes.pt\/index.php?rest_route=%2Fwp%2Fv2%2Fcomments&post=225"}],"version-history":[{"count":62,"href":"https:\/\/aegnunes.pt\/index.php?rest_route=\/wp\/v2\/posts\/225\/revisions"}],"predecessor-version":[{"id":2257,"href":"https:\/\/aegnunes.pt\/index.php?rest_route=\/wp\/v2\/posts\/225\/revisions\/2257"}],"wp:featuredmedia":[{"embeddable":true,"href":"https:\/\/aegnunes.pt\/index.php?rest_route=\/wp\/v2\/media\/2239"}],"wp:attachment":[{"href":"https:\/\/aegnunes.pt\/index.php?rest_route=%2Fwp%2Fv2%2Fmedia&parent=225"}],"wp:term":[{"taxonomy":"category","embeddable":true,"href":"https:\/\/aegnunes.pt\/index.php?rest_route=%2Fwp%2Fv2%2Fcategories&post=225"},{"taxonomy":"post_tag","embeddable":true,"href":"https:\/\/aegnunes.pt\/index.php?rest_route=%2Fwp%2Fv2%2Ftags&post=225"}],"curies":[{"name":"wp","href":"https:\/\/api.w.org\/{rel}","templated":true}]}}