{"id":178,"date":"2026-03-10T00:00:58","date_gmt":"2026-03-10T00:00:58","guid":{"rendered":"https:\/\/aegnunes.pt\/?p=178"},"modified":"2026-03-11T18:21:42","modified_gmt":"2026-03-11T18:21:42","slug":"clube-de-tenis-de-mesa-sempre-em-destaque","status":"publish","type":"post","link":"https:\/\/aegnunes.pt\/?p=178","title":{"rendered":"Clube de T\u00e9nis de Mesa sempre em destaque"},"content":{"rendered":"\t\t<div data-elementor-type=\"wp-post\" data-elementor-id=\"178\" class=\"elementor elementor-178\" data-elementor-post-type=\"post\">\n\t\t\t\t<div class=\"elementor-element elementor-element-22cc2356 e-flex e-con-boxed e-con e-parent\" data-id=\"22cc2356\" data-element_type=\"container\">\n\t\t\t\t\t<div class=\"e-con-inner\">\n\t\t\t\t<div class=\"elementor-element elementor-element-fc4293b elementor-widget elementor-widget-spacer\" data-id=\"fc4293b\" data-element_type=\"widget\" data-widget_type=\"spacer.default\">\n\t\t\t\t\t\t\t<div class=\"elementor-spacer\">\n\t\t\t<div class=\"elementor-spacer-inner\"><\/div>\n\t\t<\/div>\n\t\t\t\t\t\t<\/div>\n\t\t\t\t\t<\/div>\n\t\t\t\t<\/div>\n\t\t<div class=\"elementor-element elementor-element-1faa7b7 e-flex e-con-boxed e-con e-parent\" data-id=\"1faa7b7\" data-element_type=\"container\" data-settings=\"{&quot;shape_divider_bottom&quot;:&quot;waves&quot;}\">\n\t\t\t\t\t<div class=\"e-con-inner\">\n\t\t\t\t<div class=\"elementor-shape elementor-shape-bottom\" aria-hidden=\"true\" data-negative=\"false\">\n\t\t\t<svg xmlns=\"http:\/\/www.w3.org\/2000\/svg\" viewBox=\"0 0 1000 100\" preserveAspectRatio=\"none\">\n\t<path class=\"elementor-shape-fill\" d=\"M421.9,6.5c22.6-2.5,51.5,0.4,75.5,5.3c23.6,4.9,70.9,23.5,100.5,35.7c75.8,32.2,133.7,44.5,192.6,49.7\n\tc23.6,2.1,48.7,3.5,103.4-2.5c54.7-6,106.2-25.6,106.2-25.6V0H0v30.3c0,0,72,32.6,158.4,30.5c39.2-0.7,92.8-6.7,134-22.4\n\tc21.2-8.1,52.2-18.2,79.7-24.2C399.3,7.9,411.6,7.5,421.9,6.5z\"\/>\n<\/svg>\t\t<\/div>\n\t\t<div class=\"elementor-element elementor-element-a9d5320 e-con-full e-flex e-con e-child\" data-id=\"a9d5320\" data-element_type=\"container\">\n\t\t\t\t<div class=\"elementor-element elementor-element-17bde25 elementor-widget elementor-widget-text-editor\" data-id=\"17bde25\" data-element_type=\"widget\" data-widget_type=\"text-editor.default\">\n\t\t\t\t\t\t\t\t\t<p style=\"margin: 0cm; text-align: justify;\"><span style=\"font-family: Arial, sans-serif; color: #000000;\">No passado dia <strong><span style=\"font-family: 'Arial',sans-serif; font-weight: normal;\">4 de mar\u00e7o<\/span><\/strong> realizou-se, na nossa escola, a <strong><span style=\"font-family: 'Arial',sans-serif; font-weight: normal;\">terceira jornada do Campeonato CLDE de Braga<\/span><\/strong>, na modalidade de <strong><span style=\"font-family: 'Arial',sans-serif; font-weight: normal;\">T\u00e9nis de Mesa<\/span><\/strong> e como j\u00e1 vem sendo habitual, os nossos alunos voltaram a evidenciar um desempenho de grande qualidade.<\/span><\/p><p style=\"margin: 0cm; text-align: justify;\"><span style=\"font-family: Arial, sans-serif; color: #000000;\">\u00a0<\/span><\/p><p style=\"margin: 0cm; text-align: justify;\"><span style=\"font-family: Arial, sans-serif; color: #000000;\">A competi\u00e7\u00e3o contou com a participa\u00e7\u00e3o de <strong><span style=\"font-family: 'Arial',sans-serif; font-weight: normal;\">13 alunos da nossa escola<\/span><\/strong>, <strong><span style=\"font-family: 'Arial',sans-serif; font-weight: normal;\">10 deles em estreia absoluta<\/span><\/strong>. Ainda assim, tal facto n\u00e3o diminuiu o brilho das suas presta\u00e7\u00f5es &#8211; bem pelo contr\u00e1rio. Os alunos estiveram \u00e0 altura do desafio e, face aos resultados alcan\u00e7ados, confirmaram uma vez mais a consist\u00eancia e a qualidade do trabalho desenvolvido ao longo dos treinos.<\/span><\/p><p style=\"margin: 0cm; text-align: justify;\"><span style=\"font-family: Arial, sans-serif; color: #000000;\">\u00a0<\/span><\/p><p style=\"margin: 0cm; text-align: justify;\"><span style=\"font-family: Arial, sans-serif; color: #000000;\">Na primeira fase da competi\u00e7\u00e3o, os alunos foram distribu\u00eddos por <strong><span style=\"font-family: 'Arial',sans-serif; font-weight: normal;\">sete grupos<\/span><\/strong>, tendo <strong><span style=\"font-family: 'Arial',sans-serif; font-weight: normal;\">cinco vencido os respetivos grupos<\/span><\/strong> e garantido o apuramento para a fase seguinte, \u00e0 qual acediam os primeiros classificados de cada grupo, bem como o <strong><span style=\"font-family: 'Arial',sans-serif; font-weight: normal;\">melhor segundo classificado<\/span><\/strong>.<\/span><\/p><p style=\"margin: 0cm; text-align: justify;\"><span style=\"font-family: Arial, sans-serif; color: #000000;\">Na fase a eliminar, <strong><span style=\"font-family: 'Arial',sans-serif; font-weight: normal;\">dos cinco alunos que marcaram presen\u00e7a nos quartos de final, tr\u00eas chegaram \u00e0s meias-finais e um atingiu a final<\/span><\/strong>, sagrando-se posteriormente <strong><span style=\"font-family: 'Arial',sans-serif; font-weight: normal;\">vice-campe\u00e3o da competi\u00e7\u00e3o<\/span><\/strong>.<\/span><\/p><p style=\"margin: 0cm; text-align: justify;\"><span style=\"font-family: Arial, sans-serif; color: #000000;\">\u00a0<\/span><\/p><p style=\"margin: 0cm; text-align: justify;\"><span style=\"font-family: Arial, sans-serif; color: #000000;\">Mesmo com a rotatividade dos alunos participantes, os resultados alcan\u00e7ados confirmam a qualidade do trabalho desenvolvido e o elevado n\u00edvel competitivo dos nossos alunos, que continuam a representar a escola com dedica\u00e7\u00e3o, esp\u00edrito de supera\u00e7\u00e3o e fair play, enchendo de orgulho toda a comunidade educativa.<\/span><\/p><p style=\"margin: 0cm; text-align: justify;\"><span style=\"color: #000000;\"><strong><span style=\"font-family: 'Arial',sans-serif; font-weight: normal;\">\u00a0<\/span><\/strong><\/span><\/p><p style=\"margin: 0cm; text-align: justify;\"><span style=\"font-family: Arial, sans-serif; color: #000000;\">Um <strong><span style=\"font-family: 'Arial',sans-serif; font-weight: normal;\">destaque especial<\/span><\/strong> para os alunos <strong><span style=\"font-family: 'Arial',sans-serif; font-weight: normal;\">Andr\u00e9 Alves, Martim Miranda, Filipe Fernandes, Gustavo Franco, Gon\u00e7alo Martins, Gabriel Martins e Santiago Teixeira<\/span><\/strong>, que, nesta jornada, assumiram a fun\u00e7\u00e3o de <strong><span style=\"font-family: 'Arial',sans-serif; font-weight: normal;\">ju\u00edzes\/\u00e1rbitros<\/span><\/strong>. O seu empenho e responsabilidade foram <strong><span style=\"font-family: 'Arial',sans-serif; font-weight: normal;\">imprescind\u00edveis para o sucesso da competi\u00e7\u00e3o<\/span><\/strong>, mostrando que tamb\u00e9m fora das mesas sabem brilhar e contribuir para o desporto escolar.<\/span><\/p><p style=\"margin: 0cm;\"><span style=\"color: #000000;\"><strong><span style=\"font-family: 'Arial',sans-serif; font-weight: normal;\">\u00a0<\/span><\/strong><\/span><\/p><p style=\"margin: 0cm;\"><span style=\"color: #000000;\"><strong><span style=\"font-family: 'Arial',sans-serif; font-weight: normal;\">Classifica\u00e7\u00e3o final do encontro:<\/span><\/strong><\/span><\/p><p><span style=\"font-family: Arial, sans-serif; color: #000000;\">2.\u00ba Jo\u00e3o Monteiro<\/span><\/p><p><span style=\"font-family: Arial, sans-serif; color: #000000;\">3.\u00ba Duarte Ferreira<br \/>4.\u00ba Diego Loureiro<\/span><\/p><p><span style=\"font-family: Arial, sans-serif; color: #000000;\">5.\u00ba Gustavo Carvalho<br \/>8.\u00ba Dinis Martins<\/span><\/p><p><span style=\"font-family: Arial, sans-serif; color: #000000;\">10.\u00ba Gabriel Fernandes<br \/>12.\u00ba Gabriel Macedo<\/span><\/p><p><span style=\"font-family: Arial, sans-serif; color: #000000;\">13.\u00ba Dinis Pereira<br \/>14.\u00ba Noah Lima<\/span><\/p><p><span style=\"font-family: Arial, sans-serif; color: #000000;\">15.\u00ba Afonso Pereira<br \/>18.\u00ba Jos\u00e9 Rodrigues<br \/>21.\u00ba Lu\u00eds de Souza<br \/>23.\u00ba Miguel Ferreira<\/span><\/p><p><span style=\"font-family: Arial, sans-serif; color: #000000;\">Participaram 28 alunos<\/span><\/p>\t\t\t\t\t\t\t\t<\/div>\n\t\t<div class=\"elementor-element elementor-element-880bb70 e-con-full e-flex e-con e-child\" data-id=\"880bb70\" data-element_type=\"container\">\n\t\t\t\t<div class=\"elementor-element elementor-element-0fdb179 elementor-align-right elementor-widget elementor-widget-button\" data-id=\"0fdb179\" data-element_type=\"widget\" data-widget_type=\"button.default\">\n\t\t\t\t\t\t\t\t\t\t<a class=\"elementor-button elementor-button-link elementor-size-sm\" href=\"https:\/\/aegnunes.pt\/?page_id=2339\">\n\t\t\t\t\t\t<span class=\"elementor-button-content-wrapper\">\n\t\t\t\t\t\t<span class=\"elementor-button-icon\">\n\t\t\t\t<svg aria-hidden=\"true\" class=\"e-font-icon-svg e-far-arrow-alt-circle-left\" viewBox=\"0 0 512 512\" xmlns=\"http:\/\/www.w3.org\/2000\/svg\"><path d=\"M8 256c0 137 111 248 248 248s248-111 248-248S393 8 256 8 8 119 8 256zm448 0c0 110.5-89.5 200-200 200S56 366.5 56 256 145.5 56 256 56s200 89.5 200 200zm-72-20v40c0 6.6-5.4 12-12 12H256v67c0 10.7-12.9 16-20.5 8.5l-99-99c-4.7-4.7-4.7-12.3 0-17l99-99c7.6-7.6 20.5-2.2 20.5 8.5v67h116c6.6 0 12 5.4 12 12z\"><\/path><\/svg>\t\t\t<\/span>\n\t\t\t\t\t\t\t\t\t<span class=\"elementor-button-text\">ver mais em atividades do Agrupamento<\/span>\n\t\t\t\t\t<\/span>\n\t\t\t\t\t<\/a>\n\t\t\t\t\t\t\t\t<\/div>\n\t\t\t\t<\/div>\n\t\t\t\t<\/div>\n\t\t\t\t\t<\/div>\n\t\t\t\t<\/div>\n\t\t<div class=\"elementor-element elementor-element-01f3abb e-flex e-con-boxed e-con e-parent\" data-id=\"01f3abb\" data-element_type=\"container\">\n\t\t\t\t\t<div class=\"e-con-inner\">\n\t\t\t\t<div class=\"elementor-element elementor-element-f8d39cf elementor-widget elementor-widget-spacer\" data-id=\"f8d39cf\" data-element_type=\"widget\" data-widget_type=\"spacer.default\">\n\t\t\t\t\t\t\t<div class=\"elementor-spacer\">\n\t\t\t<div class=\"elementor-spacer-inner\"><\/div>\n\t\t<\/div>\n\t\t\t\t\t\t<\/div>\n\t\t\t\t\t<\/div>\n\t\t\t\t<\/div>\n\t\t\t\t<\/div>\n\t\t","protected":false},"excerpt":{"rendered":"<p>No passado dia 4 de mar\u00e7o realizou-se, na nossa escola, a terceira jornada do Campeonato CLDE de Braga, na modalidade de T\u00e9nis de Mesa e como j\u00e1 vem sendo habitual, os nossos alunos voltaram a evidenciar um desempenho de grande qualidade. \u00a0 A competi\u00e7\u00e3o contou com a participa\u00e7\u00e3o de 13 alunos da nossa escola, 10 [&hellip;]<\/p>\n","protected":false},"author":1,"featured_media":2177,"comment_status":"open","ping_status":"open","sticky":false,"template":"elementor_theme","format":"standard","meta":{"footnotes":""},"categories":[1],"tags":[],"class_list":["post-178","post","type-post","status-publish","format-standard","has-post-thumbnail","hentry","category-uncategorized"],"_links":{"self":[{"href":"https:\/\/aegnunes.pt\/index.php?rest_route=\/wp\/v2\/posts\/178","targetHints":{"allow":["GET"]}}],"collection":[{"href":"https:\/\/aegnunes.pt\/index.php?rest_route=\/wp\/v2\/posts"}],"about":[{"href":"https:\/\/aegnunes.pt\/index.php?rest_route=\/wp\/v2\/types\/post"}],"author":[{"embeddable":true,"href":"https:\/\/aegnunes.pt\/index.php?rest_route=\/wp\/v2\/users\/1"}],"replies":[{"embeddable":true,"href":"https:\/\/aegnunes.pt\/index.php?rest_route=%2Fwp%2Fv2%2Fcomments&post=178"}],"version-history":[{"count":74,"href":"https:\/\/aegnunes.pt\/index.php?rest_route=\/wp\/v2\/posts\/178\/revisions"}],"predecessor-version":[{"id":2363,"href":"https:\/\/aegnunes.pt\/index.php?rest_route=\/wp\/v2\/posts\/178\/revisions\/2363"}],"wp:featuredmedia":[{"embeddable":true,"href":"https:\/\/aegnunes.pt\/index.php?rest_route=\/wp\/v2\/media\/2177"}],"wp:attachment":[{"href":"https:\/\/aegnunes.pt\/index.php?rest_route=%2Fwp%2Fv2%2Fmedia&parent=178"}],"wp:term":[{"taxonomy":"category","embeddable":true,"href":"https:\/\/aegnunes.pt\/index.php?rest_route=%2Fwp%2Fv2%2Fcategories&post=178"},{"taxonomy":"post_tag","embeddable":true,"href":"https:\/\/aegnunes.pt\/index.php?rest_route=%2Fwp%2Fv2%2Ftags&post=178"}],"curies":[{"name":"wp","href":"https:\/\/api.w.org\/{rel}","templated":true}]}}